{"id":126,"date":"2014-08-01T11:03:51","date_gmt":"2014-08-01T11:03:51","guid":{"rendered":"http:\/\/www.praxis-melinat.de\/?p=126"},"modified":"2014-08-01T11:03:51","modified_gmt":"2014-08-01T11:03:51","slug":"naturmoor","status":"publish","type":"post","link":"http:\/\/www.praxis-melinat.de\/?p=126","title":{"rendered":"Naturmoor"},"content":{"rendered":"<p><strong>Naturmoor <\/strong>wird in Moorgebieten beispielsweise im Allg\u00e4u oder in der Eifel gestochen. Es kann nun \u00a0in Schlammform oder als Moorbad angewandt werden. Eine h\u00e4ufige Anwendungsform sind aber auch einmal verwendbare <strong>Naturmoorkompressen<\/strong>. Hierbei handelt es sich um fest gepresstes Naturmoor, welches mit einer durchl\u00e4ssigen Vliesschicht \u00fcberzogen ist und ebenfalls direkt auf den K\u00f6rper aufgetragen wird.<\/p>\n<p><strong>Naturmoor <\/strong>kann \u00fcber die rein thermische Wirkung auch eine Wirkung aus den restlichen Pflanzenbestandteilen erzielen, die darin enthalten sind. Es wird daher beispielsweise auch bei &#8222;rheumatischen Erkrankungen&#8220; eingesetzt.<\/p>\n<p>&nbsp;<\/p>\n<p><a title=\"Therapieangebote\" href=\"http:\/\/www.praxis-melinat.de\/?page_id=24\">zur\u00fcck<\/a><\/p>\n","protected":false},"excerpt":{"rendered":"<p>Naturmoor wird in Moorgebieten beispielsweise im Allg\u00e4u oder in der Eifel gestochen. Es kann nun \u00a0in Schlammform oder als Moorbad angewandt werden. Eine h\u00e4ufige Anwendungsform sind aber auch einmal verwendbare Naturmoorkompressen. Hierbei handelt es sich um fest gepresstes Naturmoor, welches &hellip; <a href=\"http:\/\/www.praxis-melinat.de\/?p=126\">Weiterlesen <span class=\"meta-nav\">&rarr;<\/span><\/a><\/p>\n","protected":false},"author":1,"featured_media":0,"comment_status":"closed","ping_status":"closed","sticky":false,"template":"","format":"standard","meta":{"footnotes":""},"categories":[1],"tags":[],"class_list":["post-126","post","type-post","status-publish","format-standard","hentry","category-allgemein"],"_links":{"self":[{"href":"http:\/\/www.praxis-melinat.de\/index.php?rest_route=\/wp\/v2\/posts\/126","targetHints":{"allow":["GET"]}}],"collection":[{"href":"http:\/\/www.praxis-melinat.de\/index.php?rest_route=\/wp\/v2\/posts"}],"about":[{"href":"http:\/\/www.praxis-melinat.de\/index.php?rest_route=\/wp\/v2\/types\/post"}],"author":[{"embeddable":true,"href":"http:\/\/www.praxis-melinat.de\/index.php?rest_route=\/wp\/v2\/users\/1"}],"replies":[{"embeddable":true,"href":"http:\/\/www.praxis-melinat.de\/index.php?rest_route=%2Fwp%2Fv2%2Fcomments&post=126"}],"version-history":[{"count":1,"href":"http:\/\/www.praxis-melinat.de\/index.php?rest_route=\/wp\/v2\/posts\/126\/revisions"}],"predecessor-version":[{"id":127,"href":"http:\/\/www.praxis-melinat.de\/index.php?rest_route=\/wp\/v2\/posts\/126\/revisions\/127"}],"wp:attachment":[{"href":"http:\/\/www.praxis-melinat.de\/index.php?rest_route=%2Fwp%2Fv2%2Fmedia&parent=126"}],"wp:term":[{"taxonomy":"category","embeddable":true,"href":"http:\/\/www.praxis-melinat.de\/index.php?rest_route=%2Fwp%2Fv2%2Fcategories&post=126"},{"taxonomy":"post_tag","embeddable":true,"href":"http:\/\/www.praxis-melinat.de\/index.php?rest_route=%2Fwp%2Fv2%2Ftags&post=126"}],"curies":[{"name":"wp","href":"https:\/\/api.w.org\/{rel}","templated":true}]}}